{"id":1622,"date":"2025-01-05T06:47:48","date_gmt":"2025-01-05T06:47:48","guid":{"rendered":"https:\/\/severnisij.si\/?p=1622"},"modified":"2026-01-26T14:16:08","modified_gmt":"2026-01-26T14:16:08","slug":"severni-sij-1-januarja-2025","status":"publish","type":"post","link":"https:\/\/severnisij.si\/index.php\/2025\/01\/05\/severni-sij-1-januarja-2025\/","title":{"rendered":"Severni sij 1. januarja 2025"},"content":{"rendered":"\n<p style=\"font-size:16px\">Na novega leta dan se je povi\u0161ana geomagnetna aktivnost nadaljevala. Severni sij 1. januarja 2025 je postal prvi severni sij, viden pri nas na novega leta dan. Po prihodu prvega izbruha CME, ob katerem je bil viden severni sij no\u010d pred tem, sta nas zadela \u0161e dva. Zelo dobri pogoji so se nadaljevali tudi popoldne in kmalu je postalo jasno, da utegne severni sij biti viden takoj ko se stemni. Sam sem se ob rasto\u010di vlagi in nizki obla\u010dnosti pri vse mo\u010dnej\u0161em jugozahodniku podal vzhodno od Trojan. Malce pred Trojanami sem ob 17:26, \u0161e v svetlem navti\u010dnem mraku, skozi okno proti severu z mobilnim telefonom posnel fotografijo, ki je \u017ee pokazala ro\u017enato nebo &#8211; nedvomno se je severni sij \u017ee videl!<\/p>\n\n\n\n<h2 class=\"wp-block-heading\">Severni sij nad Spodnjo Savinjsko dolino<\/h2>\n\n\n\n<p style=\"font-size:16px\">Obi\u010dajna lokacija v Orli vasi je ob vlagi in obse\u017enem svetlobnem onesna\u017eenju bila presvetla in neuporabna. Po kraj\u0161em iskanju sem se ustalil blizu Braslov\u010d. Po nekaj \u0161ibkih stebrih se je ob 18:17 za\u010delo zares z vidnimi rde\u010dkastimi \u017earki, ki so segali do vi\u0161ine okoli 30\u00b0. <\/p>\n\n\n<div class=\"wp-block-image\">\n<figure class=\"aligncenter size-full is-resized\"><img fetchpriority=\"high\" decoding=\"async\" width=\"1000\" height=\"666\" src=\"https:\/\/severnisij.si\/wp-content\/uploads\/2025\/01\/1jan2025_Braslovce_1.jpg\" alt=\"Severni sij 1. januarja 2025 - spodnja Savinjska dolina. Foto: Jure Atanackov.\" class=\"wp-image-1699\" style=\"width:800px\" srcset=\"https:\/\/severnisij.si\/wp-content\/uploads\/2025\/01\/1jan2025_Braslovce_1.jpg 1000w, https:\/\/severnisij.si\/wp-content\/uploads\/2025\/01\/1jan2025_Braslovce_1-300x200.jpg 300w, https:\/\/severnisij.si\/wp-content\/uploads\/2025\/01\/1jan2025_Braslovce_1-768x511.jpg 768w\" sizes=\"(max-width: 1000px) 100vw, 1000px\" \/><\/figure>\n<\/div>\n\n\n<p class=\"has-text-align-center has-small-font-size\"><em>Braslov\u010de, 18:19.<\/em><\/p>\n\n\n<div class=\"wp-block-image\">\n<figure class=\"aligncenter size-full is-resized\"><img decoding=\"async\" width=\"1000\" height=\"666\" data-src=\"https:\/\/severnisij.si\/wp-content\/uploads\/2025\/01\/1jan2025_Braslovce_3.jpg\" alt=\"Severni sij 1. januarja 2025 - spodnja Savinjska dolina. Foto: Jure Atanackov.\" class=\"wp-image-1701 lazyload\" style=\"--smush-placeholder-width: 1000px; --smush-placeholder-aspect-ratio: 1000\/666;width:800px\" data-srcset=\"https:\/\/severnisij.si\/wp-content\/uploads\/2025\/01\/1jan2025_Braslovce_3.jpg 1000w, https:\/\/severnisij.si\/wp-content\/uploads\/2025\/01\/1jan2025_Braslovce_3-300x200.jpg 300w, https:\/\/severnisij.si\/wp-content\/uploads\/2025\/01\/1jan2025_Braslovce_3-768x511.jpg 768w\" data-sizes=\"(max-width: 1000px) 100vw, 1000px\" src=\"data:image\/svg+xml;base64,PHN2ZyB3aWR0aD0iMSIgaGVpZ2h0PSIxIiB4bWxucz0iaHR0cDovL3d3dy53My5vcmcvMjAwMC9zdmciPjwvc3ZnPg==\" \/><\/figure>\n<\/div>\n\n\n<p class=\"has-text-align-center has-small-font-size\"><em>18:22.<\/em><\/p>\n\n\n<div class=\"wp-block-image\">\n<figure class=\"aligncenter size-full is-resized\"><img decoding=\"async\" width=\"1000\" height=\"666\" data-src=\"https:\/\/severnisij.si\/wp-content\/uploads\/2025\/01\/1jan2025_Braslovce_4.jpg\" alt=\"\" class=\"wp-image-1704 lazyload\" style=\"--smush-placeholder-width: 1000px; --smush-placeholder-aspect-ratio: 1000\/666;width:800px\" data-srcset=\"https:\/\/severnisij.si\/wp-content\/uploads\/2025\/01\/1jan2025_Braslovce_4.jpg 1000w, https:\/\/severnisij.si\/wp-content\/uploads\/2025\/01\/1jan2025_Braslovce_4-300x200.jpg 300w, https:\/\/severnisij.si\/wp-content\/uploads\/2025\/01\/1jan2025_Braslovce_4-768x511.jpg 768w\" data-sizes=\"(max-width: 1000px) 100vw, 1000px\" src=\"data:image\/svg+xml;base64,PHN2ZyB3aWR0aD0iMSIgaGVpZ2h0PSIxIiB4bWxucz0iaHR0cDovL3d3dy53My5vcmcvMjAwMC9zdmciPjwvc3ZnPg==\" \/><\/figure>\n<\/div>\n\n\n<p class=\"has-text-align-center has-small-font-size\"><em>18:23.<\/em><\/p>\n\n\n<div class=\"wp-block-image\">\n<figure class=\"aligncenter size-full is-resized\"><img decoding=\"async\" width=\"1000\" height=\"666\" data-src=\"https:\/\/severnisij.si\/wp-content\/uploads\/2025\/01\/1jan2025_Braslovce_5.jpg\" alt=\"\" class=\"wp-image-1705 lazyload\" style=\"--smush-placeholder-width: 1000px; --smush-placeholder-aspect-ratio: 1000\/666;width:800px\" data-srcset=\"https:\/\/severnisij.si\/wp-content\/uploads\/2025\/01\/1jan2025_Braslovce_5.jpg 1000w, https:\/\/severnisij.si\/wp-content\/uploads\/2025\/01\/1jan2025_Braslovce_5-300x200.jpg 300w, https:\/\/severnisij.si\/wp-content\/uploads\/2025\/01\/1jan2025_Braslovce_5-768x511.jpg 768w\" data-sizes=\"(max-width: 1000px) 100vw, 1000px\" src=\"data:image\/svg+xml;base64,PHN2ZyB3aWR0aD0iMSIgaGVpZ2h0PSIxIiB4bWxucz0iaHR0cDovL3d3dy53My5vcmcvMjAwMC9zdmciPjwvc3ZnPg==\" \/><\/figure>\n<\/div>\n\n\n<p class=\"has-text-align-center has-small-font-size\"><em>18:24.<\/em><\/p>\n\n\n<div class=\"wp-block-image\">\n<figure class=\"aligncenter size-full is-resized\"><img decoding=\"async\" width=\"1000\" height=\"666\" data-src=\"https:\/\/severnisij.si\/wp-content\/uploads\/2025\/01\/1jan2025_Braslovce_8.jpg\" alt=\"\" class=\"wp-image-1711 lazyload\" style=\"--smush-placeholder-width: 1000px; --smush-placeholder-aspect-ratio: 1000\/666;width:800px\" data-srcset=\"https:\/\/severnisij.si\/wp-content\/uploads\/2025\/01\/1jan2025_Braslovce_8.jpg 1000w, https:\/\/severnisij.si\/wp-content\/uploads\/2025\/01\/1jan2025_Braslovce_8-300x200.jpg 300w, https:\/\/severnisij.si\/wp-content\/uploads\/2025\/01\/1jan2025_Braslovce_8-768x511.jpg 768w\" data-sizes=\"(max-width: 1000px) 100vw, 1000px\" src=\"data:image\/svg+xml;base64,PHN2ZyB3aWR0aD0iMSIgaGVpZ2h0PSIxIiB4bWxucz0iaHR0cDovL3d3dy53My5vcmcvMjAwMC9zdmciPjwvc3ZnPg==\" \/><\/figure>\n<\/div>\n\n\n<p class=\"has-text-align-center has-small-font-size\"><em>18:27.<\/em><\/p>\n\n\n<div class=\"wp-block-image\">\n<figure class=\"aligncenter size-full is-resized\"><img decoding=\"async\" width=\"1000\" height=\"666\" data-src=\"https:\/\/severnisij.si\/wp-content\/uploads\/2025\/01\/1jan2025_Braslovce_9.jpg\" alt=\"\" class=\"wp-image-1715 lazyload\" style=\"--smush-placeholder-width: 1000px; --smush-placeholder-aspect-ratio: 1000\/666;width:800px\" data-srcset=\"https:\/\/severnisij.si\/wp-content\/uploads\/2025\/01\/1jan2025_Braslovce_9.jpg 1000w, https:\/\/severnisij.si\/wp-content\/uploads\/2025\/01\/1jan2025_Braslovce_9-300x200.jpg 300w, https:\/\/severnisij.si\/wp-content\/uploads\/2025\/01\/1jan2025_Braslovce_9-768x511.jpg 768w\" data-sizes=\"(max-width: 1000px) 100vw, 1000px\" src=\"data:image\/svg+xml;base64,PHN2ZyB3aWR0aD0iMSIgaGVpZ2h0PSIxIiB4bWxucz0iaHR0cDovL3d3dy53My5vcmcvMjAwMC9zdmciPjwvc3ZnPg==\" \/><\/figure>\n<\/div>\n\n\n<p class=\"has-text-align-center has-small-font-size\"><em>18:28.<\/em><\/p>\n\n\n<div class=\"wp-block-image\">\n<figure class=\"aligncenter size-full is-resized\"><img decoding=\"async\" width=\"1000\" height=\"666\" data-src=\"https:\/\/severnisij.si\/wp-content\/uploads\/2025\/01\/1jan2025_Braslovce_10.jpg\" alt=\"\" class=\"wp-image-1717 lazyload\" style=\"--smush-placeholder-width: 1000px; --smush-placeholder-aspect-ratio: 1000\/666;width:800px\" data-srcset=\"https:\/\/severnisij.si\/wp-content\/uploads\/2025\/01\/1jan2025_Braslovce_10.jpg 1000w, https:\/\/severnisij.si\/wp-content\/uploads\/2025\/01\/1jan2025_Braslovce_10-300x200.jpg 300w, https:\/\/severnisij.si\/wp-content\/uploads\/2025\/01\/1jan2025_Braslovce_10-768x511.jpg 768w\" data-sizes=\"(max-width: 1000px) 100vw, 1000px\" src=\"data:image\/svg+xml;base64,PHN2ZyB3aWR0aD0iMSIgaGVpZ2h0PSIxIiB4bWxucz0iaHR0cDovL3d3dy53My5vcmcvMjAwMC9zdmciPjwvc3ZnPg==\" \/><\/figure>\n<\/div>\n\n\n<p class=\"has-text-align-center has-small-font-size\"><em>18:37.<\/em><\/p>\n\n\n<div class=\"wp-block-image\">\n<figure class=\"aligncenter size-full is-resized\"><img decoding=\"async\" width=\"1000\" height=\"666\" data-src=\"https:\/\/severnisij.si\/wp-content\/uploads\/2025\/01\/1jan2025_Braslovce_11.jpg\" alt=\"\" class=\"wp-image-1718 lazyload\" style=\"--smush-placeholder-width: 1000px; --smush-placeholder-aspect-ratio: 1000\/666;width:800px\" data-srcset=\"https:\/\/severnisij.si\/wp-content\/uploads\/2025\/01\/1jan2025_Braslovce_11.jpg 1000w, https:\/\/severnisij.si\/wp-content\/uploads\/2025\/01\/1jan2025_Braslovce_11-300x200.jpg 300w, https:\/\/severnisij.si\/wp-content\/uploads\/2025\/01\/1jan2025_Braslovce_11-768x511.jpg 768w\" data-sizes=\"(max-width: 1000px) 100vw, 1000px\" src=\"data:image\/svg+xml;base64,PHN2ZyB3aWR0aD0iMSIgaGVpZ2h0PSIxIiB4bWxucz0iaHR0cDovL3d3dy53My5vcmcvMjAwMC9zdmciPjwvc3ZnPg==\" \/><\/figure>\n<\/div>\n\n\n<p class=\"has-text-align-center has-small-font-size\"><em>18:42.<\/em><\/p>\n\n\n<div class=\"wp-block-image\">\n<figure class=\"aligncenter size-full is-resized\"><img decoding=\"async\" width=\"1000\" height=\"666\" data-src=\"https:\/\/severnisij.si\/wp-content\/uploads\/2025\/01\/1jan2025_Braslovce_12_fisheye.jpg\" alt=\"\" class=\"wp-image-1722 lazyload\" style=\"--smush-placeholder-width: 1000px; --smush-placeholder-aspect-ratio: 1000\/666;width:800px\" data-srcset=\"https:\/\/severnisij.si\/wp-content\/uploads\/2025\/01\/1jan2025_Braslovce_12_fisheye.jpg 1000w, https:\/\/severnisij.si\/wp-content\/uploads\/2025\/01\/1jan2025_Braslovce_12_fisheye-300x200.jpg 300w, https:\/\/severnisij.si\/wp-content\/uploads\/2025\/01\/1jan2025_Braslovce_12_fisheye-768x511.jpg 768w\" data-sizes=\"(max-width: 1000px) 100vw, 1000px\" src=\"data:image\/svg+xml;base64,PHN2ZyB3aWR0aD0iMSIgaGVpZ2h0PSIxIiB4bWxucz0iaHR0cDovL3d3dy53My5vcmcvMjAwMC9zdmciPjwvc3ZnPg==\" \/><\/figure>\n<\/div>\n\n\n<p class=\"has-text-align-center has-small-font-size\"><em>18:30.<\/em> <em>Nastal je izrazit <a href=\"https:\/\/severnisij.si\/index.php\/2024\/04\/01\/sar-lok\/\">SAR lok<\/a>.<\/em><\/p>\n\n\n<div class=\"wp-block-image\">\n<figure class=\"aligncenter size-full is-resized\"><img decoding=\"async\" width=\"1000\" height=\"666\" data-src=\"https:\/\/severnisij.si\/wp-content\/uploads\/2025\/01\/1jan2025_Braslovce_13_fisheye.jpg\" alt=\"Severni sij 1. januarja 2025 - spodnja Savinjska dolina. Foto: Jure Atanackov.\" class=\"wp-image-1723 lazyload\" style=\"--smush-placeholder-width: 1000px; --smush-placeholder-aspect-ratio: 1000\/666;width:800px\" data-srcset=\"https:\/\/severnisij.si\/wp-content\/uploads\/2025\/01\/1jan2025_Braslovce_13_fisheye.jpg 1000w, https:\/\/severnisij.si\/wp-content\/uploads\/2025\/01\/1jan2025_Braslovce_13_fisheye-300x200.jpg 300w, https:\/\/severnisij.si\/wp-content\/uploads\/2025\/01\/1jan2025_Braslovce_13_fisheye-768x511.jpg 768w\" data-sizes=\"(max-width: 1000px) 100vw, 1000px\" src=\"data:image\/svg+xml;base64,PHN2ZyB3aWR0aD0iMSIgaGVpZ2h0PSIxIiB4bWxucz0iaHR0cDovL3d3dy53My5vcmcvMjAwMC9zdmciPjwvc3ZnPg==\" \/><\/figure>\n<\/div>\n\n\n<p class=\"has-text-align-center has-small-font-size\"><em>18:32.<\/em> Ob vi\u0161ku aktivnosti se je za\u010del <\/p>\n\n\n<div class=\"wp-block-image\">\n<figure class=\"aligncenter size-full is-resized\"><img decoding=\"async\" width=\"1000\" height=\"666\" data-src=\"https:\/\/severnisij.si\/wp-content\/uploads\/2025\/01\/1jan2025_Braslovce_15_fisheye.jpg\" alt=\"Severni sij 1. januarja 2025 - spodnja Savinjska dolina. Foto: Jure Atanackov.\" class=\"wp-image-1729 lazyload\" style=\"--smush-placeholder-width: 1000px; --smush-placeholder-aspect-ratio: 1000\/666;width:800px\" data-srcset=\"https:\/\/severnisij.si\/wp-content\/uploads\/2025\/01\/1jan2025_Braslovce_15_fisheye.jpg 1000w, https:\/\/severnisij.si\/wp-content\/uploads\/2025\/01\/1jan2025_Braslovce_15_fisheye-300x200.jpg 300w, https:\/\/severnisij.si\/wp-content\/uploads\/2025\/01\/1jan2025_Braslovce_15_fisheye-768x511.jpg 768w\" data-sizes=\"(max-width: 1000px) 100vw, 1000px\" src=\"data:image\/svg+xml;base64,PHN2ZyB3aWR0aD0iMSIgaGVpZ2h0PSIxIiB4bWxucz0iaHR0cDovL3d3dy53My5vcmcvMjAwMC9zdmciPjwvc3ZnPg==\" \/><\/figure>\n<\/div>\n\n\n<p class=\"has-text-align-center has-small-font-size\"><em>18:45. <\/em><\/p>\n\n\n<div class=\"wp-block-image\">\n<figure class=\"aligncenter size-full is-resized\"><img decoding=\"async\" width=\"1000\" height=\"666\" data-src=\"https:\/\/severnisij.si\/wp-content\/uploads\/2025\/01\/1jan2025_Braslovce_17_fisheye.jpg\" alt=\"Severni sij 1. januarja 2025 - spodnja Savinjska dolina. Foto: Jure Atanackov.\" class=\"wp-image-1727 lazyload\" style=\"--smush-placeholder-width: 1000px; --smush-placeholder-aspect-ratio: 1000\/666;width:800px\" data-srcset=\"https:\/\/severnisij.si\/wp-content\/uploads\/2025\/01\/1jan2025_Braslovce_17_fisheye.jpg 1000w, https:\/\/severnisij.si\/wp-content\/uploads\/2025\/01\/1jan2025_Braslovce_17_fisheye-300x200.jpg 300w, https:\/\/severnisij.si\/wp-content\/uploads\/2025\/01\/1jan2025_Braslovce_17_fisheye-768x511.jpg 768w\" data-sizes=\"(max-width: 1000px) 100vw, 1000px\" src=\"data:image\/svg+xml;base64,PHN2ZyB3aWR0aD0iMSIgaGVpZ2h0PSIxIiB4bWxucz0iaHR0cDovL3d3dy53My5vcmcvMjAwMC9zdmciPjwvc3ZnPg==\" \/><\/figure>\n<\/div>\n\n\n<p class=\"has-text-align-center has-small-font-size\"><em>20:28. Ostaja vse manj izrazit SAR lok.<\/em> <\/p>\n\n\n<p><script async src=\"https:\/\/pagead2.googlesyndication.com\/pagead\/js\/adsbygoogle.js?client=ca-pub-4327174239643061\"\n     crossorigin=\"anonymous\"><\/script><br \/>\n<ins class=\"adsbygoogle\"\n     style=\"display:block; text-align:center;\"\n     data-ad-layout=\"in-article\"\n     data-ad-format=\"fluid\"\n     data-ad-client=\"ca-pub-4327174239643061\"\n     data-ad-slot=\"7857533005\"><\/ins><br \/>\n<script><br \/>\n     (adsbygoogle = window.adsbygoogle || []).push({});<br \/>\n<\/script><\/p>\n\n\n<p style=\"font-size:16px\">Severni sij 1. januarja 2025 je opazoval tudi Javor Kac. Prvi val je ujel iz precej temnej\u0161e lokacije malce severno od Trojan, nato pa se je zaradi slab\u0161ajo\u010dih se vremenskih pogojev relociral v Braslov\u010de:<\/p>\n\n\n\n<figure class=\"wp-block-embed is-type-video is-provider-youtube wp-block-embed-youtube wp-embed-aspect-4-3 wp-has-aspect-ratio\"><div class=\"wp-block-embed__wrapper\">\n<iframe title=\"New Year&#039;s day Aurora borealis from Slovenia on 2025 January 1 \/ Polarni sij iz Slovenije 20250101\" width=\"1140\" height=\"855\" data-src=\"https:\/\/www.youtube.com\/embed\/dg-ig6YYs-E?feature=oembed\" frameborder=\"0\" allow=\"accelerometer; autoplay; clipboard-write; encrypted-media; gyroscope; picture-in-picture; web-share\" referrerpolicy=\"strict-origin-when-cross-origin\" allowfullscreen src=\"data:image\/svg+xml;base64,PHN2ZyB3aWR0aD0iMSIgaGVpZ2h0PSIxIiB4bWxucz0iaHR0cDovL3d3dy53My5vcmcvMjAwMC9zdmciPjwvc3ZnPg==\" class=\"lazyload\" data-load-mode=\"1\"><\/iframe>\n<\/div><\/figure>\n\n\n\n<p style=\"font-size:16px\">In \u0161e en bolj \u0161irokokoten pogled iz Braslov\u010d (video: Rok Pucer):<\/p>\n\n\n\n<figure class=\"wp-block-embed is-type-video is-provider-youtube wp-block-embed-youtube wp-embed-aspect-16-9 wp-has-aspect-ratio\"><div class=\"wp-block-embed__wrapper\">\n<iframe title=\"Aurora 20240101\" width=\"1140\" height=\"641\" data-src=\"https:\/\/www.youtube.com\/embed\/rj2mWIvEPoU?feature=oembed\" frameborder=\"0\" allow=\"accelerometer; autoplay; clipboard-write; encrypted-media; gyroscope; picture-in-picture; web-share\" referrerpolicy=\"strict-origin-when-cross-origin\" allowfullscreen src=\"data:image\/svg+xml;base64,PHN2ZyB3aWR0aD0iMSIgaGVpZ2h0PSIxIiB4bWxucz0iaHR0cDovL3d3dy53My5vcmcvMjAwMC9zdmciPjwvc3ZnPg==\" class=\"lazyload\" data-load-mode=\"1\"><\/iframe>\n<\/div><\/figure>\n\n\n\n<h2 class=\"wp-block-heading\">Severni sij 1. januarja 2025 drugod po Sloveniji<\/h2>\n\n\n\n<p style=\"font-size:16px\">Ujel ga je tudi Simon Krulec iz prav tako svetlobno onesna\u017eene lokacije pri Vojniku (<a data-type=\"link\" data-id=\"https:\/\/www.simonk.si\/?p=2402\" href=\"https:\/\/www.simonk.si\/?p=2402\">galerija<\/a>):<\/p>\n\n\n\n<figure class=\"wp-block-embed is-type-video is-provider-youtube wp-block-embed-youtube wp-embed-aspect-16-9 wp-has-aspect-ratio\"><div class=\"wp-block-embed__wrapper\">\n<iframe title=\"Aurora borealis from Slovenia - 20250101 \/ Polarni sij iz Slovenije 20250101\" width=\"1140\" height=\"641\" data-src=\"https:\/\/www.youtube.com\/embed\/IZ3jkDA3wqc?feature=oembed\" frameborder=\"0\" allow=\"accelerometer; autoplay; clipboard-write; encrypted-media; gyroscope; picture-in-picture; web-share\" referrerpolicy=\"strict-origin-when-cross-origin\" allowfullscreen src=\"data:image\/svg+xml;base64,PHN2ZyB3aWR0aD0iMSIgaGVpZ2h0PSIxIiB4bWxucz0iaHR0cDovL3d3dy53My5vcmcvMjAwMC9zdmciPjwvc3ZnPg==\" class=\"lazyload\" data-load-mode=\"1\"><\/iframe>\n<\/div><\/figure>\n\n\n\n<p style=\"font-size:16px\">Tako pa je izgledal spektakel nad Kamni\u0161ko-Savinjskimi Alpami in Karavankami. Pogled iz Cerkelj na Gorenjskem:<\/p>\n\n\n\n<figure class=\"wp-block-embed is-type-video is-provider-youtube wp-block-embed-youtube wp-embed-aspect-16-9 wp-has-aspect-ratio\"><div class=\"wp-block-embed__wrapper\">\n<iframe title=\"Aurora Cerklje na Gorenjskem, 1.1.2025\" width=\"1140\" height=\"641\" data-src=\"https:\/\/www.youtube.com\/embed\/STkE4jtaUa4?feature=oembed\" frameborder=\"0\" allow=\"accelerometer; autoplay; clipboard-write; encrypted-media; gyroscope; picture-in-picture; web-share\" referrerpolicy=\"strict-origin-when-cross-origin\" allowfullscreen src=\"data:image\/svg+xml;base64,PHN2ZyB3aWR0aD0iMSIgaGVpZ2h0PSIxIiB4bWxucz0iaHR0cDovL3d3dy53My5vcmcvMjAwMC9zdmciPjwvc3ZnPg==\" class=\"lazyload\" data-load-mode=\"1\"><\/iframe>\n<\/div><\/figure>\n\n\n\n<p style=\"font-size:16px\">Severni sij so ta ve\u010der ujeli tudi <a href=\"https:\/\/forum.zevs.si\/index.php\/topic,7734.msg386763.html#msg386763\">na Pohorju<\/a> in <a href=\"https:\/\/forum.zevs.si\/index.php\/topic,7734.msg386765.html#msg386765\">pri Preboldu<\/a>.<\/p>\n\n\n\n<p>Kot zanimivost, opazovalci na vi\u0161jih opazovalnih lokacijah na avstrijskem Koro\u0161kem so nizko nad severnim obzorjem videli tudi zelen severni sij. <\/p>\n\n\n\n<figure class=\"wp-block-embed is-type-rich is-provider-twitter wp-block-embed-twitter\"><div class=\"wp-block-embed__wrapper\">\n<blockquote class=\"twitter-tweet\" data-width=\"550\" data-dnt=\"true\"><p lang=\"en\" dir=\"ltr\">holy \ud83d\udc9a\ud83d\udc9c<br>what a show \ud83e\udd29<a href=\"https:\/\/twitter.com\/hashtag\/Aurora?src=hash&amp;ref_src=twsrc%5Etfw\">#Aurora<\/a> <a href=\"https:\/\/twitter.com\/hashtag\/Koralpe?src=hash&amp;ref_src=twsrc%5Etfw\">#Koralpe<\/a> <a href=\"https:\/\/t.co\/yCmsZeK8To\">pic.twitter.com\/yCmsZeK8To<\/a><\/p>&mdash; mohartl (@mohartl) <a href=\"https:\/\/twitter.com\/mohartl\/status\/1874515991574847602?ref_src=twsrc%5Etfw\">January 1, 2025<\/a><\/blockquote><script async src=\"https:\/\/platform.twitter.com\/widgets.js\" charset=\"utf-8\"><\/script>\n<\/div><\/figure>\n\n\n\n<p style=\"font-size:16px\">Ve\u010d fotografij:<\/p>\n\n\n\n<figure class=\"wp-block-embed aligncenter is-type-wp-embed is-provider-simonk-si wp-block-embed-simonk-si\"><div class=\"wp-block-embed__wrapper\">\n<blockquote class=\"wp-embedded-content\" data-secret=\"AcHkghal2K\"><a href=\"https:\/\/www.simonk.si\/?p=2402\">Polarni sij iz SLO 01.-02.01.2025 \/ Northern lights (Aurora borealis) from Slovenia 1st-2nd January 2025<\/a><\/blockquote><iframe class=\"wp-embedded-content lazyload\" sandbox=\"allow-scripts\" security=\"restricted\" style=\"position: absolute; visibility: hidden;\" title=\"&#8220;Polarni sij iz SLO 01.-02.01.2025 \/ Northern lights (Aurora borealis) from Slovenia 1st-2nd January 2025&#8221; &#8212; simonk.si\" data-src=\"https:\/\/www.simonk.si\/?p=2402&#038;embed=true#?secret=Z8XbB2Mu5g#?secret=AcHkghal2K\" data-secret=\"AcHkghal2K\" width=\"600\" height=\"338\" frameborder=\"0\" marginwidth=\"0\" marginheight=\"0\" scrolling=\"no\" src=\"data:image\/svg+xml;base64,PHN2ZyB3aWR0aD0iMSIgaGVpZ2h0PSIxIiB4bWxucz0iaHR0cDovL3d3dy53My5vcmcvMjAwMC9zdmciPjwvc3ZnPg==\" data-load-mode=\"1\"><\/iframe>\n<\/div><\/figure>\n\n\n<p><br><ins class=\"adsbygoogle\" style=\"display: block; text-align: center;\" data-ad-layout=\"in-article\" data-ad-format=\"fluid\" data-ad-client=\"ca-pub-4327174239643061\" data-ad-slot=\"7857533005\"><\/ins><br><br><\/p>\n\n\n<p><\/p>\n","protected":false},"excerpt":{"rendered":"<p>Na novega leta dan se je povi\u0161ana geomagnetna aktivnost nadaljevala. Severni sij 1. januarja 2025 je postal prvi severni sij, viden pri nas na novega leta dan. Po prihodu prvega izbruha CME, ob katerem je bil viden severni sij no\u010d pred tem, sta nas zadela \u0161e dva. Zelo dobri pogoji so se nadaljevali tudi popoldne [&hellip;]<\/p>\n","protected":false},"author":1,"featured_media":1660,"comment_status":"open","ping_status":"open","sticky":false,"template":"","format":"standard","meta":{"ngg_post_thumbnail":0,"footnotes":""},"categories":[7],"tags":[],"class_list":{"0":"post-1622","1":"post","2":"type-post","3":"status-publish","4":"format-standard","5":"has-post-thumbnail","7":"category-opazovanja-severnega-sija-iz-slovenije","8":"czr-hentry"},"yoast_head":"<!-- This site is optimized with the Yoast SEO plugin v27.2 - https:\/\/yoast.com\/product\/yoast-seo-wordpress\/ -->\n<title>Severni sij 1. januarja 2025 - Severnisij.si Severni sij 1. januarja 2025<\/title>\n<meta name=\"description\" content=\"Severni sij 1. januarja 2025 je bil nepri\u010dakovan izjemen novoletni spektakel, prvi novoletni severni sij zabele\u017een pri nas!\" \/>\n<meta name=\"robots\" content=\"index, follow, max-snippet:-1, max-image-preview:large, max-video-preview:-1\" \/>\n<link rel=\"canonical\" href=\"https:\/\/severnisij.si\/index.php\/2025\/01\/05\/severni-sij-1-januarja-2025\/\" \/>\n<meta property=\"og:locale\" content=\"sl_SI\" \/>\n<meta property=\"og:type\" content=\"article\" \/>\n<meta property=\"og:title\" content=\"Severni sij 1. januarja 2025 - Severnisij.si Severni sij 1. januarja 2025\" \/>\n<meta property=\"og:description\" content=\"Severni sij 1. januarja 2025 je bil nepri\u010dakovan izjemen novoletni spektakel, prvi novoletni severni sij zabele\u017een pri nas!\" \/>\n<meta property=\"og:url\" content=\"https:\/\/severnisij.si\/index.php\/2025\/01\/05\/severni-sij-1-januarja-2025\/\" \/>\n<meta property=\"og:site_name\" content=\"Severnisij.si\" \/>\n<meta property=\"article:published_time\" content=\"2025-01-05T06:47:48+00:00\" \/>\n<meta property=\"article:modified_time\" content=\"2026-01-26T14:16:08+00:00\" \/>\n<meta property=\"og:image\" content=\"https:\/\/severnisij.si\/wp-content\/uploads\/2025\/01\/1jan2025_feat.jpg\" \/>\n\t<meta property=\"og:image:width\" content=\"600\" \/>\n\t<meta property=\"og:image:height\" content=\"400\" \/>\n\t<meta property=\"og:image:type\" content=\"image\/jpeg\" \/>\n<meta name=\"author\" content=\"admin\" \/>\n<meta name=\"twitter:card\" content=\"summary_large_image\" \/>\n<meta name=\"twitter:label1\" content=\"Written by\" \/>\n\t<meta name=\"twitter:data1\" content=\"admin\" \/>\n\t<meta name=\"twitter:label2\" content=\"Est. reading time\" \/>\n\t<meta name=\"twitter:data2\" content=\"5 minut\" \/>\n<script type=\"application\/ld+json\" class=\"yoast-schema-graph\">{\"@context\":\"https:\/\/schema.org\",\"@graph\":[{\"@type\":\"Article\",\"@id\":\"https:\/\/severnisij.si\/index.php\/2025\/01\/05\/severni-sij-1-januarja-2025\/#article\",\"isPartOf\":{\"@id\":\"https:\/\/severnisij.si\/index.php\/2025\/01\/05\/severni-sij-1-januarja-2025\/\"},\"author\":{\"name\":\"admin\",\"@id\":\"https:\/\/severnisij.si\/#\/schema\/person\/a64d2ca6d98df9c1fc89f6160223287c\"},\"headline\":\"Severni sij 1. januarja 2025\",\"datePublished\":\"2025-01-05T06:47:48+00:00\",\"dateModified\":\"2026-01-26T14:16:08+00:00\",\"mainEntityOfPage\":{\"@id\":\"https:\/\/severnisij.si\/index.php\/2025\/01\/05\/severni-sij-1-januarja-2025\/\"},\"wordCount\":370,\"commentCount\":0,\"publisher\":{\"@id\":\"https:\/\/severnisij.si\/#\/schema\/person\/a64d2ca6d98df9c1fc89f6160223287c\"},\"image\":{\"@id\":\"https:\/\/severnisij.si\/index.php\/2025\/01\/05\/severni-sij-1-januarja-2025\/#primaryimage\"},\"thumbnailUrl\":\"https:\/\/severnisij.si\/wp-content\/uploads\/2025\/01\/1jan2025_feat.jpg\",\"articleSection\":[\"Opazovanja severnega sija iz Slovenije\"],\"inLanguage\":\"sl-SI\",\"potentialAction\":[{\"@type\":\"CommentAction\",\"name\":\"Comment\",\"target\":[\"https:\/\/severnisij.si\/index.php\/2025\/01\/05\/severni-sij-1-januarja-2025\/#respond\"]}]},{\"@type\":\"WebPage\",\"@id\":\"https:\/\/severnisij.si\/index.php\/2025\/01\/05\/severni-sij-1-januarja-2025\/\",\"url\":\"https:\/\/severnisij.si\/index.php\/2025\/01\/05\/severni-sij-1-januarja-2025\/\",\"name\":\"Severni sij 1. januarja 2025 - Severnisij.si Severni sij 1. januarja 2025\",\"isPartOf\":{\"@id\":\"https:\/\/severnisij.si\/#website\"},\"primaryImageOfPage\":{\"@id\":\"https:\/\/severnisij.si\/index.php\/2025\/01\/05\/severni-sij-1-januarja-2025\/#primaryimage\"},\"image\":{\"@id\":\"https:\/\/severnisij.si\/index.php\/2025\/01\/05\/severni-sij-1-januarja-2025\/#primaryimage\"},\"thumbnailUrl\":\"https:\/\/severnisij.si\/wp-content\/uploads\/2025\/01\/1jan2025_feat.jpg\",\"datePublished\":\"2025-01-05T06:47:48+00:00\",\"dateModified\":\"2026-01-26T14:16:08+00:00\",\"description\":\"Severni sij 1. januarja 2025 je bil nepri\u010dakovan izjemen novoletni spektakel, prvi novoletni severni sij zabele\u017een pri nas!\",\"breadcrumb\":{\"@id\":\"https:\/\/severnisij.si\/index.php\/2025\/01\/05\/severni-sij-1-januarja-2025\/#breadcrumb\"},\"inLanguage\":\"sl-SI\",\"potentialAction\":[{\"@type\":\"ReadAction\",\"target\":[\"https:\/\/severnisij.si\/index.php\/2025\/01\/05\/severni-sij-1-januarja-2025\/\"]}]},{\"@type\":\"ImageObject\",\"inLanguage\":\"sl-SI\",\"@id\":\"https:\/\/severnisij.si\/index.php\/2025\/01\/05\/severni-sij-1-januarja-2025\/#primaryimage\",\"url\":\"https:\/\/severnisij.si\/wp-content\/uploads\/2025\/01\/1jan2025_feat.jpg\",\"contentUrl\":\"https:\/\/severnisij.si\/wp-content\/uploads\/2025\/01\/1jan2025_feat.jpg\",\"width\":600,\"height\":400},{\"@type\":\"BreadcrumbList\",\"@id\":\"https:\/\/severnisij.si\/index.php\/2025\/01\/05\/severni-sij-1-januarja-2025\/#breadcrumb\",\"itemListElement\":[{\"@type\":\"ListItem\",\"position\":1,\"name\":\"Home\",\"item\":\"https:\/\/severnisij.si\/\"},{\"@type\":\"ListItem\",\"position\":2,\"name\":\"Severni sij 1. januarja 2025\"}]},{\"@type\":\"WebSite\",\"@id\":\"https:\/\/severnisij.si\/#website\",\"url\":\"https:\/\/severnisij.si\/\",\"name\":\"Severnisij.si\",\"description\":\"\",\"publisher\":{\"@id\":\"https:\/\/severnisij.si\/#\/schema\/person\/a64d2ca6d98df9c1fc89f6160223287c\"},\"potentialAction\":[{\"@type\":\"SearchAction\",\"target\":{\"@type\":\"EntryPoint\",\"urlTemplate\":\"https:\/\/severnisij.si\/?s={search_term_string}\"},\"query-input\":{\"@type\":\"PropertyValueSpecification\",\"valueRequired\":true,\"valueName\":\"search_term_string\"}}],\"inLanguage\":\"sl-SI\"},{\"@type\":[\"Person\",\"Organization\"],\"@id\":\"https:\/\/severnisij.si\/#\/schema\/person\/a64d2ca6d98df9c1fc89f6160223287c\",\"name\":\"admin\",\"image\":{\"@type\":\"ImageObject\",\"inLanguage\":\"sl-SI\",\"@id\":\"https:\/\/secure.gravatar.com\/avatar\/71581cd16a28ee52969f5d847d6bf8e2498b506d2b1db37f76903c119593461e?s=96&d=mm&r=g\",\"url\":\"https:\/\/secure.gravatar.com\/avatar\/71581cd16a28ee52969f5d847d6bf8e2498b506d2b1db37f76903c119593461e?s=96&d=mm&r=g\",\"contentUrl\":\"https:\/\/secure.gravatar.com\/avatar\/71581cd16a28ee52969f5d847d6bf8e2498b506d2b1db37f76903c119593461e?s=96&d=mm&r=g\",\"caption\":\"admin\"},\"logo\":{\"@id\":\"https:\/\/secure.gravatar.com\/avatar\/71581cd16a28ee52969f5d847d6bf8e2498b506d2b1db37f76903c119593461e?s=96&d=mm&r=g\"},\"sameAs\":[\"https:\/\/severnisij.si\"],\"url\":\"https:\/\/severnisij.si\/index.php\/author\/admin_severnisij_007\/\"}]}<\/script>\n<!-- \/ Yoast SEO plugin. -->","yoast_head_json":{"title":"Severni sij 1. januarja 2025 - Severnisij.si Severni sij 1. januarja 2025","description":"Severni sij 1. januarja 2025 je bil nepri\u010dakovan izjemen novoletni spektakel, prvi novoletni severni sij zabele\u017een pri nas!","robots":{"index":"index","follow":"follow","max-snippet":"max-snippet:-1","max-image-preview":"max-image-preview:large","max-video-preview":"max-video-preview:-1"},"canonical":"https:\/\/severnisij.si\/index.php\/2025\/01\/05\/severni-sij-1-januarja-2025\/","og_locale":"sl_SI","og_type":"article","og_title":"Severni sij 1. januarja 2025 - Severnisij.si Severni sij 1. januarja 2025","og_description":"Severni sij 1. januarja 2025 je bil nepri\u010dakovan izjemen novoletni spektakel, prvi novoletni severni sij zabele\u017een pri nas!","og_url":"https:\/\/severnisij.si\/index.php\/2025\/01\/05\/severni-sij-1-januarja-2025\/","og_site_name":"Severnisij.si","article_published_time":"2025-01-05T06:47:48+00:00","article_modified_time":"2026-01-26T14:16:08+00:00","og_image":[{"width":600,"height":400,"url":"https:\/\/severnisij.si\/wp-content\/uploads\/2025\/01\/1jan2025_feat.jpg","type":"image\/jpeg"}],"author":"admin","twitter_card":"summary_large_image","twitter_misc":{"Written by":"admin","Est. reading time":"5 minut"},"schema":{"@context":"https:\/\/schema.org","@graph":[{"@type":"Article","@id":"https:\/\/severnisij.si\/index.php\/2025\/01\/05\/severni-sij-1-januarja-2025\/#article","isPartOf":{"@id":"https:\/\/severnisij.si\/index.php\/2025\/01\/05\/severni-sij-1-januarja-2025\/"},"author":{"name":"admin","@id":"https:\/\/severnisij.si\/#\/schema\/person\/a64d2ca6d98df9c1fc89f6160223287c"},"headline":"Severni sij 1. januarja 2025","datePublished":"2025-01-05T06:47:48+00:00","dateModified":"2026-01-26T14:16:08+00:00","mainEntityOfPage":{"@id":"https:\/\/severnisij.si\/index.php\/2025\/01\/05\/severni-sij-1-januarja-2025\/"},"wordCount":370,"commentCount":0,"publisher":{"@id":"https:\/\/severnisij.si\/#\/schema\/person\/a64d2ca6d98df9c1fc89f6160223287c"},"image":{"@id":"https:\/\/severnisij.si\/index.php\/2025\/01\/05\/severni-sij-1-januarja-2025\/#primaryimage"},"thumbnailUrl":"https:\/\/severnisij.si\/wp-content\/uploads\/2025\/01\/1jan2025_feat.jpg","articleSection":["Opazovanja severnega sija iz Slovenije"],"inLanguage":"sl-SI","potentialAction":[{"@type":"CommentAction","name":"Comment","target":["https:\/\/severnisij.si\/index.php\/2025\/01\/05\/severni-sij-1-januarja-2025\/#respond"]}]},{"@type":"WebPage","@id":"https:\/\/severnisij.si\/index.php\/2025\/01\/05\/severni-sij-1-januarja-2025\/","url":"https:\/\/severnisij.si\/index.php\/2025\/01\/05\/severni-sij-1-januarja-2025\/","name":"Severni sij 1. januarja 2025 - Severnisij.si Severni sij 1. januarja 2025","isPartOf":{"@id":"https:\/\/severnisij.si\/#website"},"primaryImageOfPage":{"@id":"https:\/\/severnisij.si\/index.php\/2025\/01\/05\/severni-sij-1-januarja-2025\/#primaryimage"},"image":{"@id":"https:\/\/severnisij.si\/index.php\/2025\/01\/05\/severni-sij-1-januarja-2025\/#primaryimage"},"thumbnailUrl":"https:\/\/severnisij.si\/wp-content\/uploads\/2025\/01\/1jan2025_feat.jpg","datePublished":"2025-01-05T06:47:48+00:00","dateModified":"2026-01-26T14:16:08+00:00","description":"Severni sij 1. januarja 2025 je bil nepri\u010dakovan izjemen novoletni spektakel, prvi novoletni severni sij zabele\u017een pri nas!","breadcrumb":{"@id":"https:\/\/severnisij.si\/index.php\/2025\/01\/05\/severni-sij-1-januarja-2025\/#breadcrumb"},"inLanguage":"sl-SI","potentialAction":[{"@type":"ReadAction","target":["https:\/\/severnisij.si\/index.php\/2025\/01\/05\/severni-sij-1-januarja-2025\/"]}]},{"@type":"ImageObject","inLanguage":"sl-SI","@id":"https:\/\/severnisij.si\/index.php\/2025\/01\/05\/severni-sij-1-januarja-2025\/#primaryimage","url":"https:\/\/severnisij.si\/wp-content\/uploads\/2025\/01\/1jan2025_feat.jpg","contentUrl":"https:\/\/severnisij.si\/wp-content\/uploads\/2025\/01\/1jan2025_feat.jpg","width":600,"height":400},{"@type":"BreadcrumbList","@id":"https:\/\/severnisij.si\/index.php\/2025\/01\/05\/severni-sij-1-januarja-2025\/#breadcrumb","itemListElement":[{"@type":"ListItem","position":1,"name":"Home","item":"https:\/\/severnisij.si\/"},{"@type":"ListItem","position":2,"name":"Severni sij 1. januarja 2025"}]},{"@type":"WebSite","@id":"https:\/\/severnisij.si\/#website","url":"https:\/\/severnisij.si\/","name":"Severnisij.si","description":"","publisher":{"@id":"https:\/\/severnisij.si\/#\/schema\/person\/a64d2ca6d98df9c1fc89f6160223287c"},"potentialAction":[{"@type":"SearchAction","target":{"@type":"EntryPoint","urlTemplate":"https:\/\/severnisij.si\/?s={search_term_string}"},"query-input":{"@type":"PropertyValueSpecification","valueRequired":true,"valueName":"search_term_string"}}],"inLanguage":"sl-SI"},{"@type":["Person","Organization"],"@id":"https:\/\/severnisij.si\/#\/schema\/person\/a64d2ca6d98df9c1fc89f6160223287c","name":"admin","image":{"@type":"ImageObject","inLanguage":"sl-SI","@id":"https:\/\/secure.gravatar.com\/avatar\/71581cd16a28ee52969f5d847d6bf8e2498b506d2b1db37f76903c119593461e?s=96&d=mm&r=g","url":"https:\/\/secure.gravatar.com\/avatar\/71581cd16a28ee52969f5d847d6bf8e2498b506d2b1db37f76903c119593461e?s=96&d=mm&r=g","contentUrl":"https:\/\/secure.gravatar.com\/avatar\/71581cd16a28ee52969f5d847d6bf8e2498b506d2b1db37f76903c119593461e?s=96&d=mm&r=g","caption":"admin"},"logo":{"@id":"https:\/\/secure.gravatar.com\/avatar\/71581cd16a28ee52969f5d847d6bf8e2498b506d2b1db37f76903c119593461e?s=96&d=mm&r=g"},"sameAs":["https:\/\/severnisij.si"],"url":"https:\/\/severnisij.si\/index.php\/author\/admin_severnisij_007\/"}]}},"_links":{"self":[{"href":"https:\/\/severnisij.si\/index.php\/wp-json\/wp\/v2\/posts\/1622","targetHints":{"allow":["GET"]}}],"collection":[{"href":"https:\/\/severnisij.si\/index.php\/wp-json\/wp\/v2\/posts"}],"about":[{"href":"https:\/\/severnisij.si\/index.php\/wp-json\/wp\/v2\/types\/post"}],"author":[{"embeddable":true,"href":"https:\/\/severnisij.si\/index.php\/wp-json\/wp\/v2\/users\/1"}],"replies":[{"embeddable":true,"href":"https:\/\/severnisij.si\/index.php\/wp-json\/wp\/v2\/comments?post=1622"}],"version-history":[{"count":34,"href":"https:\/\/severnisij.si\/index.php\/wp-json\/wp\/v2\/posts\/1622\/revisions"}],"predecessor-version":[{"id":3568,"href":"https:\/\/severnisij.si\/index.php\/wp-json\/wp\/v2\/posts\/1622\/revisions\/3568"}],"wp:featuredmedia":[{"embeddable":true,"href":"https:\/\/severnisij.si\/index.php\/wp-json\/wp\/v2\/media\/1660"}],"wp:attachment":[{"href":"https:\/\/severnisij.si\/index.php\/wp-json\/wp\/v2\/media?parent=1622"}],"wp:term":[{"taxonomy":"category","embeddable":true,"href":"https:\/\/severnisij.si\/index.php\/wp-json\/wp\/v2\/categories?post=1622"},{"taxonomy":"post_tag","embeddable":true,"href":"https:\/\/severnisij.si\/index.php\/wp-json\/wp\/v2\/tags?post=1622"}],"curies":[{"name":"wp","href":"https:\/\/api.w.org\/{rel}","templated":true}]}}