{"id":1620,"date":"2025-01-05T06:47:09","date_gmt":"2025-01-05T06:47:09","guid":{"rendered":"https:\/\/severnisij.si\/?p=1620"},"modified":"2025-04-15T12:59:49","modified_gmt":"2025-04-15T12:59:49","slug":"severni-sij-31-decembra-2024","status":"publish","type":"post","link":"https:\/\/severnisij.si\/index.php\/2025\/01\/05\/severni-sij-31-decembra-2024\/","title":{"rendered":"Severni sij 31. decembra 2024"},"content":{"rendered":"\n<p style=\"font-size:16px\">Leto 2024 nam je po izjemni beri severnega sija za zaklju\u010dek ponudilo \u0161e izjemno prilo\u017enost opazovanja silvestrskega severnega sija. Severni sij 31. decembra 2024 je prvi pri nas zabele\u017een severni sij na Silvestrovo! Videl se je med 23:20 in 00:20. Kljub megli marsikje in \u0161e mnogo pomembneje, bli\u017eini Novega Leta, so ga videli marsikje po Sloveniji.<\/p>\n\n\n\n<p style=\"font-size:16px\">Iz okolice Slovenskih Konjic ga je posnel Simon Krulec. Kljub precej svetlobno onesna\u017eenemu nebu je severni sij na fotografijah izrazit. Kot poro\u010da na slovenskem astronomskem forumu <a href=\"https:\/\/www.astronom.si\/forum\/showthread.php?t=8277\">astronom.si<\/a>, ga s prostim o\u010desom ni videl, a se tudi ni posebej trudil. Glede na fotografije bi na temnej\u0161em nebu skoraj zagotovo bil viden tudi s prostim o\u010desom:<\/p>\n\n\n\n<figure class=\"wp-block-embed is-type-video is-provider-youtube wp-block-embed-youtube wp-embed-aspect-16-9 wp-has-aspect-ratio\"><div class=\"wp-block-embed__wrapper\">\n<iframe title=\"Aurora borealis from Slovenia - 20241231 \/ Polarni sij iz Slovenije 20241231\" width=\"1140\" height=\"641\" data-src=\"https:\/\/www.youtube.com\/embed\/an15y6LQk6g?feature=oembed\" frameborder=\"0\" allow=\"accelerometer; autoplay; clipboard-write; encrypted-media; gyroscope; picture-in-picture; web-share\" referrerpolicy=\"strict-origin-when-cross-origin\" allowfullscreen src=\"data:image\/svg+xml;base64,PHN2ZyB3aWR0aD0iMSIgaGVpZ2h0PSIxIiB4bWxucz0iaHR0cDovL3d3dy53My5vcmcvMjAwMC9zdmciPjwvc3ZnPg==\" class=\"lazyload\" data-load-mode=\"1\"><\/iframe>\n<\/div><\/figure>\n\n\n\n<p style=\"font-size:16px\">Simonova galerija:<\/p>\n\n\n\n<figure class=\"wp-block-embed aligncenter is-type-wp-embed is-provider-simonk-si wp-block-embed-simonk-si\"><div class=\"wp-block-embed__wrapper\">\n<blockquote class=\"wp-embedded-content\" data-secret=\"O8mA7DEx5b\"><a href=\"https:\/\/www.simonk.si\/?p=2395\">Polarni sij iz SLO 31.12.2024-01.01.2025 \/ Northern lights (Aurora borealis) from Slovenia 31st December -1st January 2025<\/a><\/blockquote><iframe class=\"wp-embedded-content lazyload\" sandbox=\"allow-scripts\" security=\"restricted\" style=\"position: absolute; visibility: hidden;\" title=\"&#8220;Polarni sij iz SLO 31.12.2024-01.01.2025 \/ Northern lights (Aurora borealis) from Slovenia 31st December -1st January 2025&#8221; &#8212; simonk.si\" data-src=\"https:\/\/www.simonk.si\/?p=2395&#038;embed=true#?secret=pTRk67eWHv#?secret=O8mA7DEx5b\" data-secret=\"O8mA7DEx5b\" width=\"600\" height=\"338\" frameborder=\"0\" marginwidth=\"0\" marginheight=\"0\" scrolling=\"no\" src=\"data:image\/svg+xml;base64,PHN2ZyB3aWR0aD0iMSIgaGVpZ2h0PSIxIiB4bWxucz0iaHR0cDovL3d3dy53My5vcmcvMjAwMC9zdmciPjwvc3ZnPg==\" data-load-mode=\"1\"><\/iframe>\n<\/div><\/figure>\n\n\n\n<p style=\"font-size:16px\">Posnet je bil tudi na <a href=\"https:\/\/spaceweathergallery2.com\/indiv_upload.php?upload_id=218814\" data-type=\"link\" data-id=\"https:\/\/spaceweathergallery2.com\/indiv_upload.php?upload_id=218814\">Mariborskem Pohorju<\/a> in v <a href=\"https:\/\/www.astronom.si\/forum\/showpost.php?p=77460&amp;postcount=49\" data-type=\"link\" data-id=\"https:\/\/www.astronom.si\/forum\/showpost.php?p=77460&amp;postcount=49\">Zasavju<\/a>.<\/p>\n\n\n\n<p style=\"font-size:16px\">To je bil \u0161e en od vse \u0161tevilnej\u0161ih primerov, ko je severni sij pri nas bil viden medtem, ko aktivnost magnetosfere niti ni dosegala praga geomagnetnega viharja. Kp indeks je ob tem \u010dasu bil le 4 (Kp=5 je meja za geomagnetni vihar). A magnetosfera je bila v &#8216;zagonu&#8217; po trku s fronto izbruha CME in ob ugodnem medplanetarnem magnetnem polju z negativno komponento Bz se je nabralo dovolj energije, da je ob mo\u010dnej\u0161i podnevihti severni sij pokukal nad obzorje tudi pri nas. Podoben primer smo imeli <a data-type=\"link\" data-id=\"https:\/\/severnisij.si\/index.php\/2024\/11\/08\/severni-sij-26-oktobra-2024\/\" href=\"https:\/\/severnisij.si\/index.php\/2024\/11\/08\/severni-sij-26-oktobra-2024\/\">26. oktobra 2024<\/a>.<\/p>\n\n\n\n<p><\/p>\n","protected":false},"excerpt":{"rendered":"<p>Leto 2024 nam je po izjemni beri severnega sija za zaklju\u010dek ponudilo \u0161e izjemno prilo\u017enost opazovanja silvestrskega severnega sija. Severni sij 31. decembra 2024 je prvi pri nas zabele\u017een severni sij na Silvestrovo! Videl se je med 23:20 in 00:20. Kljub megli marsikje in \u0161e mnogo pomembneje, bli\u017eini Novega Leta, so ga videli marsikje po [&hellip;]<\/p>\n","protected":false},"author":1,"featured_media":1629,"comment_status":"open","ping_status":"open","sticky":false,"template":"","format":"standard","meta":{"ngg_post_thumbnail":0,"footnotes":""},"categories":[7],"tags":[],"class_list":{"0":"post-1620","1":"post","2":"type-post","3":"status-publish","4":"format-standard","5":"has-post-thumbnail","7":"category-opazovanja-severnega-sija-iz-slovenije","8":"czr-hentry"},"yoast_head":"<!-- This site is optimized with the Yoast SEO plugin v27.2 - https:\/\/yoast.com\/product\/yoast-seo-wordpress\/ -->\n<title>Severni sij 31. decembra 2024<\/title>\n<meta name=\"description\" content=\"Na Silvestrovo 2024 smo poleg obi\u010dajnih novoletnih ognjemetov lahko videli \u0161e izjemen, novoletni ognjemet severnega sija!\" \/>\n<meta name=\"robots\" content=\"index, follow, max-snippet:-1, max-image-preview:large, max-video-preview:-1\" \/>\n<link rel=\"canonical\" href=\"https:\/\/severnisij.si\/index.php\/2025\/01\/05\/severni-sij-31-decembra-2024\/\" \/>\n<meta property=\"og:locale\" content=\"sl_SI\" \/>\n<meta property=\"og:type\" content=\"article\" \/>\n<meta property=\"og:title\" content=\"Severni sij 31. decembra 2024\" \/>\n<meta property=\"og:description\" content=\"Na Silvestrovo 2024 smo poleg obi\u010dajnih novoletnih ognjemetov lahko videli \u0161e izjemen, novoletni ognjemet severnega sija!\" \/>\n<meta property=\"og:url\" content=\"https:\/\/severnisij.si\/index.php\/2025\/01\/05\/severni-sij-31-decembra-2024\/\" \/>\n<meta property=\"og:site_name\" content=\"Severnisij.si\" \/>\n<meta property=\"article:published_time\" content=\"2025-01-05T06:47:09+00:00\" \/>\n<meta property=\"article:modified_time\" content=\"2025-04-15T12:59:49+00:00\" \/>\n<meta property=\"og:image\" content=\"https:\/\/severnisij.si\/wp-content\/uploads\/2025\/01\/Severni_sij_31december2024_Simon_Krulec.jpg\" \/>\n\t<meta property=\"og:image:width\" content=\"400\" \/>\n\t<meta property=\"og:image:height\" content=\"267\" \/>\n\t<meta property=\"og:image:type\" content=\"image\/jpeg\" \/>\n<meta name=\"author\" content=\"admin\" \/>\n<meta name=\"twitter:card\" content=\"summary_large_image\" \/>\n<meta name=\"twitter:label1\" content=\"Written by\" \/>\n\t<meta name=\"twitter:data1\" content=\"admin\" \/>\n\t<meta name=\"twitter:label2\" content=\"Est. reading time\" \/>\n\t<meta name=\"twitter:data2\" content=\"2 minuti\" \/>\n<script type=\"application\/ld+json\" class=\"yoast-schema-graph\">{\"@context\":\"https:\/\/schema.org\",\"@graph\":[{\"@type\":\"Article\",\"@id\":\"https:\/\/severnisij.si\/index.php\/2025\/01\/05\/severni-sij-31-decembra-2024\/#article\",\"isPartOf\":{\"@id\":\"https:\/\/severnisij.si\/index.php\/2025\/01\/05\/severni-sij-31-decembra-2024\/\"},\"author\":{\"name\":\"admin\",\"@id\":\"https:\/\/severnisij.si\/#\/schema\/person\/a64d2ca6d98df9c1fc89f6160223287c\"},\"headline\":\"Severni sij 31. decembra 2024\",\"datePublished\":\"2025-01-05T06:47:09+00:00\",\"dateModified\":\"2025-04-15T12:59:49+00:00\",\"mainEntityOfPage\":{\"@id\":\"https:\/\/severnisij.si\/index.php\/2025\/01\/05\/severni-sij-31-decembra-2024\/\"},\"wordCount\":234,\"commentCount\":0,\"publisher\":{\"@id\":\"https:\/\/severnisij.si\/#\/schema\/person\/a64d2ca6d98df9c1fc89f6160223287c\"},\"image\":{\"@id\":\"https:\/\/severnisij.si\/index.php\/2025\/01\/05\/severni-sij-31-decembra-2024\/#primaryimage\"},\"thumbnailUrl\":\"https:\/\/severnisij.si\/wp-content\/uploads\/2025\/01\/Severni_sij_31december2024_Simon_Krulec.jpg\",\"articleSection\":[\"Opazovanja severnega sija iz Slovenije\"],\"inLanguage\":\"sl-SI\",\"potentialAction\":[{\"@type\":\"CommentAction\",\"name\":\"Comment\",\"target\":[\"https:\/\/severnisij.si\/index.php\/2025\/01\/05\/severni-sij-31-decembra-2024\/#respond\"]}]},{\"@type\":\"WebPage\",\"@id\":\"https:\/\/severnisij.si\/index.php\/2025\/01\/05\/severni-sij-31-decembra-2024\/\",\"url\":\"https:\/\/severnisij.si\/index.php\/2025\/01\/05\/severni-sij-31-decembra-2024\/\",\"name\":\"Severni sij 31. decembra 2024\",\"isPartOf\":{\"@id\":\"https:\/\/severnisij.si\/#website\"},\"primaryImageOfPage\":{\"@id\":\"https:\/\/severnisij.si\/index.php\/2025\/01\/05\/severni-sij-31-decembra-2024\/#primaryimage\"},\"image\":{\"@id\":\"https:\/\/severnisij.si\/index.php\/2025\/01\/05\/severni-sij-31-decembra-2024\/#primaryimage\"},\"thumbnailUrl\":\"https:\/\/severnisij.si\/wp-content\/uploads\/2025\/01\/Severni_sij_31december2024_Simon_Krulec.jpg\",\"datePublished\":\"2025-01-05T06:47:09+00:00\",\"dateModified\":\"2025-04-15T12:59:49+00:00\",\"description\":\"Na Silvestrovo 2024 smo poleg obi\u010dajnih novoletnih ognjemetov lahko videli \u0161e izjemen, novoletni ognjemet severnega sija!\",\"breadcrumb\":{\"@id\":\"https:\/\/severnisij.si\/index.php\/2025\/01\/05\/severni-sij-31-decembra-2024\/#breadcrumb\"},\"inLanguage\":\"sl-SI\",\"potentialAction\":[{\"@type\":\"ReadAction\",\"target\":[\"https:\/\/severnisij.si\/index.php\/2025\/01\/05\/severni-sij-31-decembra-2024\/\"]}]},{\"@type\":\"ImageObject\",\"inLanguage\":\"sl-SI\",\"@id\":\"https:\/\/severnisij.si\/index.php\/2025\/01\/05\/severni-sij-31-decembra-2024\/#primaryimage\",\"url\":\"https:\/\/severnisij.si\/wp-content\/uploads\/2025\/01\/Severni_sij_31december2024_Simon_Krulec.jpg\",\"contentUrl\":\"https:\/\/severnisij.si\/wp-content\/uploads\/2025\/01\/Severni_sij_31december2024_Simon_Krulec.jpg\",\"width\":400,\"height\":267},{\"@type\":\"BreadcrumbList\",\"@id\":\"https:\/\/severnisij.si\/index.php\/2025\/01\/05\/severni-sij-31-decembra-2024\/#breadcrumb\",\"itemListElement\":[{\"@type\":\"ListItem\",\"position\":1,\"name\":\"Home\",\"item\":\"https:\/\/severnisij.si\/\"},{\"@type\":\"ListItem\",\"position\":2,\"name\":\"Severni sij 31. decembra 2024\"}]},{\"@type\":\"WebSite\",\"@id\":\"https:\/\/severnisij.si\/#website\",\"url\":\"https:\/\/severnisij.si\/\",\"name\":\"Severnisij.si\",\"description\":\"\",\"publisher\":{\"@id\":\"https:\/\/severnisij.si\/#\/schema\/person\/a64d2ca6d98df9c1fc89f6160223287c\"},\"potentialAction\":[{\"@type\":\"SearchAction\",\"target\":{\"@type\":\"EntryPoint\",\"urlTemplate\":\"https:\/\/severnisij.si\/?s={search_term_string}\"},\"query-input\":{\"@type\":\"PropertyValueSpecification\",\"valueRequired\":true,\"valueName\":\"search_term_string\"}}],\"inLanguage\":\"sl-SI\"},{\"@type\":[\"Person\",\"Organization\"],\"@id\":\"https:\/\/severnisij.si\/#\/schema\/person\/a64d2ca6d98df9c1fc89f6160223287c\",\"name\":\"admin\",\"image\":{\"@type\":\"ImageObject\",\"inLanguage\":\"sl-SI\",\"@id\":\"https:\/\/secure.gravatar.com\/avatar\/71581cd16a28ee52969f5d847d6bf8e2498b506d2b1db37f76903c119593461e?s=96&d=mm&r=g\",\"url\":\"https:\/\/secure.gravatar.com\/avatar\/71581cd16a28ee52969f5d847d6bf8e2498b506d2b1db37f76903c119593461e?s=96&d=mm&r=g\",\"contentUrl\":\"https:\/\/secure.gravatar.com\/avatar\/71581cd16a28ee52969f5d847d6bf8e2498b506d2b1db37f76903c119593461e?s=96&d=mm&r=g\",\"caption\":\"admin\"},\"logo\":{\"@id\":\"https:\/\/secure.gravatar.com\/avatar\/71581cd16a28ee52969f5d847d6bf8e2498b506d2b1db37f76903c119593461e?s=96&d=mm&r=g\"},\"sameAs\":[\"https:\/\/severnisij.si\"],\"url\":\"https:\/\/severnisij.si\/index.php\/author\/admin_severnisij_007\/\"}]}<\/script>\n<!-- \/ Yoast SEO plugin. -->","yoast_head_json":{"title":"Severni sij 31. decembra 2024","description":"Na Silvestrovo 2024 smo poleg obi\u010dajnih novoletnih ognjemetov lahko videli \u0161e izjemen, novoletni ognjemet severnega sija!","robots":{"index":"index","follow":"follow","max-snippet":"max-snippet:-1","max-image-preview":"max-image-preview:large","max-video-preview":"max-video-preview:-1"},"canonical":"https:\/\/severnisij.si\/index.php\/2025\/01\/05\/severni-sij-31-decembra-2024\/","og_locale":"sl_SI","og_type":"article","og_title":"Severni sij 31. decembra 2024","og_description":"Na Silvestrovo 2024 smo poleg obi\u010dajnih novoletnih ognjemetov lahko videli \u0161e izjemen, novoletni ognjemet severnega sija!","og_url":"https:\/\/severnisij.si\/index.php\/2025\/01\/05\/severni-sij-31-decembra-2024\/","og_site_name":"Severnisij.si","article_published_time":"2025-01-05T06:47:09+00:00","article_modified_time":"2025-04-15T12:59:49+00:00","og_image":[{"width":400,"height":267,"url":"https:\/\/severnisij.si\/wp-content\/uploads\/2025\/01\/Severni_sij_31december2024_Simon_Krulec.jpg","type":"image\/jpeg"}],"author":"admin","twitter_card":"summary_large_image","twitter_misc":{"Written by":"admin","Est. reading time":"2 minuti"},"schema":{"@context":"https:\/\/schema.org","@graph":[{"@type":"Article","@id":"https:\/\/severnisij.si\/index.php\/2025\/01\/05\/severni-sij-31-decembra-2024\/#article","isPartOf":{"@id":"https:\/\/severnisij.si\/index.php\/2025\/01\/05\/severni-sij-31-decembra-2024\/"},"author":{"name":"admin","@id":"https:\/\/severnisij.si\/#\/schema\/person\/a64d2ca6d98df9c1fc89f6160223287c"},"headline":"Severni sij 31. decembra 2024","datePublished":"2025-01-05T06:47:09+00:00","dateModified":"2025-04-15T12:59:49+00:00","mainEntityOfPage":{"@id":"https:\/\/severnisij.si\/index.php\/2025\/01\/05\/severni-sij-31-decembra-2024\/"},"wordCount":234,"commentCount":0,"publisher":{"@id":"https:\/\/severnisij.si\/#\/schema\/person\/a64d2ca6d98df9c1fc89f6160223287c"},"image":{"@id":"https:\/\/severnisij.si\/index.php\/2025\/01\/05\/severni-sij-31-decembra-2024\/#primaryimage"},"thumbnailUrl":"https:\/\/severnisij.si\/wp-content\/uploads\/2025\/01\/Severni_sij_31december2024_Simon_Krulec.jpg","articleSection":["Opazovanja severnega sija iz Slovenije"],"inLanguage":"sl-SI","potentialAction":[{"@type":"CommentAction","name":"Comment","target":["https:\/\/severnisij.si\/index.php\/2025\/01\/05\/severni-sij-31-decembra-2024\/#respond"]}]},{"@type":"WebPage","@id":"https:\/\/severnisij.si\/index.php\/2025\/01\/05\/severni-sij-31-decembra-2024\/","url":"https:\/\/severnisij.si\/index.php\/2025\/01\/05\/severni-sij-31-decembra-2024\/","name":"Severni sij 31. decembra 2024","isPartOf":{"@id":"https:\/\/severnisij.si\/#website"},"primaryImageOfPage":{"@id":"https:\/\/severnisij.si\/index.php\/2025\/01\/05\/severni-sij-31-decembra-2024\/#primaryimage"},"image":{"@id":"https:\/\/severnisij.si\/index.php\/2025\/01\/05\/severni-sij-31-decembra-2024\/#primaryimage"},"thumbnailUrl":"https:\/\/severnisij.si\/wp-content\/uploads\/2025\/01\/Severni_sij_31december2024_Simon_Krulec.jpg","datePublished":"2025-01-05T06:47:09+00:00","dateModified":"2025-04-15T12:59:49+00:00","description":"Na Silvestrovo 2024 smo poleg obi\u010dajnih novoletnih ognjemetov lahko videli \u0161e izjemen, novoletni ognjemet severnega sija!","breadcrumb":{"@id":"https:\/\/severnisij.si\/index.php\/2025\/01\/05\/severni-sij-31-decembra-2024\/#breadcrumb"},"inLanguage":"sl-SI","potentialAction":[{"@type":"ReadAction","target":["https:\/\/severnisij.si\/index.php\/2025\/01\/05\/severni-sij-31-decembra-2024\/"]}]},{"@type":"ImageObject","inLanguage":"sl-SI","@id":"https:\/\/severnisij.si\/index.php\/2025\/01\/05\/severni-sij-31-decembra-2024\/#primaryimage","url":"https:\/\/severnisij.si\/wp-content\/uploads\/2025\/01\/Severni_sij_31december2024_Simon_Krulec.jpg","contentUrl":"https:\/\/severnisij.si\/wp-content\/uploads\/2025\/01\/Severni_sij_31december2024_Simon_Krulec.jpg","width":400,"height":267},{"@type":"BreadcrumbList","@id":"https:\/\/severnisij.si\/index.php\/2025\/01\/05\/severni-sij-31-decembra-2024\/#breadcrumb","itemListElement":[{"@type":"ListItem","position":1,"name":"Home","item":"https:\/\/severnisij.si\/"},{"@type":"ListItem","position":2,"name":"Severni sij 31. decembra 2024"}]},{"@type":"WebSite","@id":"https:\/\/severnisij.si\/#website","url":"https:\/\/severnisij.si\/","name":"Severnisij.si","description":"","publisher":{"@id":"https:\/\/severnisij.si\/#\/schema\/person\/a64d2ca6d98df9c1fc89f6160223287c"},"potentialAction":[{"@type":"SearchAction","target":{"@type":"EntryPoint","urlTemplate":"https:\/\/severnisij.si\/?s={search_term_string}"},"query-input":{"@type":"PropertyValueSpecification","valueRequired":true,"valueName":"search_term_string"}}],"inLanguage":"sl-SI"},{"@type":["Person","Organization"],"@id":"https:\/\/severnisij.si\/#\/schema\/person\/a64d2ca6d98df9c1fc89f6160223287c","name":"admin","image":{"@type":"ImageObject","inLanguage":"sl-SI","@id":"https:\/\/secure.gravatar.com\/avatar\/71581cd16a28ee52969f5d847d6bf8e2498b506d2b1db37f76903c119593461e?s=96&d=mm&r=g","url":"https:\/\/secure.gravatar.com\/avatar\/71581cd16a28ee52969f5d847d6bf8e2498b506d2b1db37f76903c119593461e?s=96&d=mm&r=g","contentUrl":"https:\/\/secure.gravatar.com\/avatar\/71581cd16a28ee52969f5d847d6bf8e2498b506d2b1db37f76903c119593461e?s=96&d=mm&r=g","caption":"admin"},"logo":{"@id":"https:\/\/secure.gravatar.com\/avatar\/71581cd16a28ee52969f5d847d6bf8e2498b506d2b1db37f76903c119593461e?s=96&d=mm&r=g"},"sameAs":["https:\/\/severnisij.si"],"url":"https:\/\/severnisij.si\/index.php\/author\/admin_severnisij_007\/"}]}},"_links":{"self":[{"href":"https:\/\/severnisij.si\/index.php\/wp-json\/wp\/v2\/posts\/1620","targetHints":{"allow":["GET"]}}],"collection":[{"href":"https:\/\/severnisij.si\/index.php\/wp-json\/wp\/v2\/posts"}],"about":[{"href":"https:\/\/severnisij.si\/index.php\/wp-json\/wp\/v2\/types\/post"}],"author":[{"embeddable":true,"href":"https:\/\/severnisij.si\/index.php\/wp-json\/wp\/v2\/users\/1"}],"replies":[{"embeddable":true,"href":"https:\/\/severnisij.si\/index.php\/wp-json\/wp\/v2\/comments?post=1620"}],"version-history":[{"count":6,"href":"https:\/\/severnisij.si\/index.php\/wp-json\/wp\/v2\/posts\/1620\/revisions"}],"predecessor-version":[{"id":1969,"href":"https:\/\/severnisij.si\/index.php\/wp-json\/wp\/v2\/posts\/1620\/revisions\/1969"}],"wp:featuredmedia":[{"embeddable":true,"href":"https:\/\/severnisij.si\/index.php\/wp-json\/wp\/v2\/media\/1629"}],"wp:attachment":[{"href":"https:\/\/severnisij.si\/index.php\/wp-json\/wp\/v2\/media?parent=1620"}],"wp:term":[{"taxonomy":"category","embeddable":true,"href":"https:\/\/severnisij.si\/index.php\/wp-json\/wp\/v2\/categories?post=1620"},{"taxonomy":"post_tag","embeddable":true,"href":"https:\/\/severnisij.si\/index.php\/wp-json\/wp\/v2\/tags?post=1620"}],"curies":[{"name":"wp","href":"https:\/\/api.w.org\/{rel}","templated":true}]}}