{"id":1055,"date":"2024-05-07T06:55:58","date_gmt":"2024-05-07T06:55:58","guid":{"rendered":"https:\/\/severnisij.si\/?p=1055"},"modified":"2025-05-05T11:33:57","modified_gmt":"2025-05-05T11:33:57","slug":"severni-sij-6-maja-2024","status":"publish","type":"post","link":"https:\/\/severnisij.si\/index.php\/2024\/05\/07\/severni-sij-6-maja-2024\/","title":{"rendered":"Severni sij 6. maja 2024"},"content":{"rendered":"\n<p style=\"font-size:16px\">Severni sij 6. maja 2024 je \u0161e en v seriji be\u017enih, \u0161ibkih, a jasnih severnih sijev vidnih v Sloveniji med geomagnetnimi viharji stopnje G1.<\/p>\n\n\n\n<p>6. maja zve\u010der nas je oplazil izbruh CME, ki ga je prakti\u010dno povsem mimo nas 3.maja poslal bli\u0161\u010d <a href=\"https:\/\/www.spaceweatherlive.com\/en\/archive\/2024\/05\/03\/xray.html\">kategorije X1.6<\/a>. Pogoji so bili marginalni, a med 20. uro zve\u010der in 2. uro zjutraj je pri\u0161lo obdobje negativnega Bz do -10 nT. To je bilo dovolj, da je nastal zelo \u0161ibek 3-urni geomagnetni vihar <a href=\"https:\/\/severnisij.si\/index.php\/2024\/04\/01\/kako-se-vidi-severni-sij-v-sloveniji-kategorije-viharjev\/\">stopnje G1<\/a> (Kp=5+). Vreme po Sloveniji je bilo ve\u010dinoma slabo, a <a data-type=\"link\" data-id=\"https:\/\/www.simonk.si\/\" href=\"https:\/\/www.simonk.si\/\">Simonu Krulcu<\/a> je z Bohorja uspelo fotografsko ujeti \u0161ibek severni sij:<\/p>\n\n\n\n<figure class=\"wp-block-embed aligncenter is-type-video is-provider-youtube wp-block-embed-youtube wp-embed-aspect-16-9 wp-has-aspect-ratio\"><div class=\"wp-block-embed__wrapper\">\n<iframe title=\"Aurora borealis from Slovenia - 20240506 \/ Polarni sij iz Slovenije 20240506\" width=\"1140\" height=\"641\" data-src=\"https:\/\/www.youtube.com\/embed\/01yH0hN7_pg?feature=oembed\" frameborder=\"0\" allow=\"accelerometer; autoplay; clipboard-write; encrypted-media; gyroscope; picture-in-picture; web-share\" referrerpolicy=\"strict-origin-when-cross-origin\" allowfullscreen src=\"data:image\/svg+xml;base64,PHN2ZyB3aWR0aD0iMSIgaGVpZ2h0PSIxIiB4bWxucz0iaHR0cDovL3d3dy53My5vcmcvMjAwMC9zdmciPjwvc3ZnPg==\" class=\"lazyload\" data-load-mode=\"1\"><\/iframe>\n<\/div><\/figure>\n\n\n\n<p>Severni sij 6. maja 2024 &#8211; dalj\u0161e poro\u010dilo na Simonovi spletni strani:<\/p>\n\n\n\n<figure class=\"wp-block-embed aligncenter is-type-wp-embed is-provider-simonk-si wp-block-embed-simonk-si\"><div class=\"wp-block-embed__wrapper\">\n<blockquote class=\"wp-embedded-content\" data-secret=\"WbwvWTJouc\"><a href=\"https:\/\/www.simonk.si\/?p=2132\">Polarni sij iz SLO 05-06.05.2024 \/ Northern lights (Aurora borealis) from Slovenia 5-6th May 2024<\/a><\/blockquote><iframe class=\"wp-embedded-content lazyload\" sandbox=\"allow-scripts\" security=\"restricted\" style=\"position: absolute; visibility: hidden;\" title=\"&#8220;Polarni sij iz SLO 05-06.05.2024 \/ Northern lights (Aurora borealis) from Slovenia 5-6th May 2024&#8221; &#8212; simonk.si\" data-src=\"https:\/\/www.simonk.si\/?p=2132&#038;embed=true#?secret=RwmpoKlsmm#?secret=WbwvWTJouc\" data-secret=\"WbwvWTJouc\" width=\"600\" height=\"338\" frameborder=\"0\" marginwidth=\"0\" marginheight=\"0\" scrolling=\"no\" src=\"data:image\/svg+xml;base64,PHN2ZyB3aWR0aD0iMSIgaGVpZ2h0PSIxIiB4bWxucz0iaHR0cDovL3d3dy53My5vcmcvMjAwMC9zdmciPjwvc3ZnPg==\" data-load-mode=\"1\"><\/iframe>\n<\/div><\/figure>\n\n\n\n<p><\/p>\n","protected":false},"excerpt":{"rendered":"<p>Severni sij 6. maja 2024 je \u0161e en v seriji be\u017enih, \u0161ibkih, a jasnih severnih sijev vidnih v Sloveniji med geomagnetnimi viharji stopnje G1. 6. maja zve\u010der nas je oplazil izbruh CME, ki ga je prakti\u010dno povsem mimo nas 3.maja poslal bli\u0161\u010d kategorije X1.6. Pogoji so bili marginalni, a med 20. uro zve\u010der in 2. [&hellip;]<\/p>\n","protected":false},"author":1,"featured_media":1060,"comment_status":"open","ping_status":"open","sticky":false,"template":"","format":"standard","meta":{"ngg_post_thumbnail":0,"footnotes":""},"categories":[7],"tags":[],"class_list":{"0":"post-1055","1":"post","2":"type-post","3":"status-publish","4":"format-standard","5":"has-post-thumbnail","7":"category-opazovanja-severnega-sija-iz-slovenije","8":"czr-hentry"},"yoast_head":"<!-- This site is optimized with the Yoast SEO plugin v27.2 - https:\/\/yoast.com\/product\/yoast-seo-wordpress\/ -->\n<title>Severni sij 6. maja 2024 - Severnisij.si<\/title>\n<meta name=\"description\" content=\"Severni sij 6. maja 2024 je \u0161e en v seriji be\u017enih, \u0161ibkih, a jasnih severnih sijev vidnih v Sloveniji med geomagnetnimi viharji stopnje G1.\" \/>\n<meta name=\"robots\" content=\"index, follow, max-snippet:-1, max-image-preview:large, max-video-preview:-1\" \/>\n<link rel=\"canonical\" href=\"https:\/\/severnisij.si\/index.php\/2024\/05\/07\/severni-sij-6-maja-2024\/\" \/>\n<meta property=\"og:locale\" content=\"sl_SI\" \/>\n<meta property=\"og:type\" content=\"article\" \/>\n<meta property=\"og:title\" content=\"Severni sij 6. maja 2024 - Severnisij.si\" \/>\n<meta property=\"og:description\" content=\"Severni sij 6. maja 2024 je \u0161e en v seriji be\u017enih, \u0161ibkih, a jasnih severnih sijev vidnih v Sloveniji med geomagnetnimi viharji stopnje G1.\" \/>\n<meta property=\"og:url\" content=\"https:\/\/severnisij.si\/index.php\/2024\/05\/07\/severni-sij-6-maja-2024\/\" \/>\n<meta property=\"og:site_name\" content=\"Severnisij.si\" \/>\n<meta property=\"article:published_time\" content=\"2024-05-07T06:55:58+00:00\" \/>\n<meta property=\"article:modified_time\" content=\"2025-05-05T11:33:57+00:00\" \/>\n<meta property=\"og:image\" content=\"https:\/\/severnisij.si\/wp-content\/uploads\/2024\/05\/SimonK_PL_05052024-e1715065573950.jpg\" \/>\n\t<meta property=\"og:image:width\" content=\"800\" \/>\n\t<meta property=\"og:image:height\" content=\"533\" \/>\n\t<meta property=\"og:image:type\" content=\"image\/jpeg\" \/>\n<meta name=\"author\" content=\"admin\" \/>\n<meta name=\"twitter:card\" content=\"summary_large_image\" \/>\n<meta name=\"twitter:label1\" content=\"Written by\" \/>\n\t<meta name=\"twitter:data1\" content=\"admin\" \/>\n\t<meta name=\"twitter:label2\" content=\"Est. reading time\" \/>\n\t<meta name=\"twitter:data2\" content=\"1 minuta\" \/>\n<script type=\"application\/ld+json\" class=\"yoast-schema-graph\">{\"@context\":\"https:\/\/schema.org\",\"@graph\":[{\"@type\":\"Article\",\"@id\":\"https:\/\/severnisij.si\/index.php\/2024\/05\/07\/severni-sij-6-maja-2024\/#article\",\"isPartOf\":{\"@id\":\"https:\/\/severnisij.si\/index.php\/2024\/05\/07\/severni-sij-6-maja-2024\/\"},\"author\":{\"name\":\"admin\",\"@id\":\"https:\/\/severnisij.si\/#\/schema\/person\/a64d2ca6d98df9c1fc89f6160223287c\"},\"headline\":\"Severni sij 6. maja 2024\",\"datePublished\":\"2024-05-07T06:55:58+00:00\",\"dateModified\":\"2025-05-05T11:33:57+00:00\",\"mainEntityOfPage\":{\"@id\":\"https:\/\/severnisij.si\/index.php\/2024\/05\/07\/severni-sij-6-maja-2024\/\"},\"wordCount\":129,\"commentCount\":0,\"publisher\":{\"@id\":\"https:\/\/severnisij.si\/#\/schema\/person\/a64d2ca6d98df9c1fc89f6160223287c\"},\"image\":{\"@id\":\"https:\/\/severnisij.si\/index.php\/2024\/05\/07\/severni-sij-6-maja-2024\/#primaryimage\"},\"thumbnailUrl\":\"https:\/\/severnisij.si\/wp-content\/uploads\/2024\/05\/SimonK_PL_05052024-e1715065573950.jpg\",\"articleSection\":[\"Opazovanja severnega sija iz Slovenije\"],\"inLanguage\":\"sl-SI\",\"potentialAction\":[{\"@type\":\"CommentAction\",\"name\":\"Comment\",\"target\":[\"https:\/\/severnisij.si\/index.php\/2024\/05\/07\/severni-sij-6-maja-2024\/#respond\"]}]},{\"@type\":\"WebPage\",\"@id\":\"https:\/\/severnisij.si\/index.php\/2024\/05\/07\/severni-sij-6-maja-2024\/\",\"url\":\"https:\/\/severnisij.si\/index.php\/2024\/05\/07\/severni-sij-6-maja-2024\/\",\"name\":\"Severni sij 6. maja 2024 - Severnisij.si\",\"isPartOf\":{\"@id\":\"https:\/\/severnisij.si\/#website\"},\"primaryImageOfPage\":{\"@id\":\"https:\/\/severnisij.si\/index.php\/2024\/05\/07\/severni-sij-6-maja-2024\/#primaryimage\"},\"image\":{\"@id\":\"https:\/\/severnisij.si\/index.php\/2024\/05\/07\/severni-sij-6-maja-2024\/#primaryimage\"},\"thumbnailUrl\":\"https:\/\/severnisij.si\/wp-content\/uploads\/2024\/05\/SimonK_PL_05052024-e1715065573950.jpg\",\"datePublished\":\"2024-05-07T06:55:58+00:00\",\"dateModified\":\"2025-05-05T11:33:57+00:00\",\"description\":\"Severni sij 6. maja 2024 je \u0161e en v seriji be\u017enih, \u0161ibkih, a jasnih severnih sijev vidnih v Sloveniji med geomagnetnimi viharji stopnje G1.\",\"breadcrumb\":{\"@id\":\"https:\/\/severnisij.si\/index.php\/2024\/05\/07\/severni-sij-6-maja-2024\/#breadcrumb\"},\"inLanguage\":\"sl-SI\",\"potentialAction\":[{\"@type\":\"ReadAction\",\"target\":[\"https:\/\/severnisij.si\/index.php\/2024\/05\/07\/severni-sij-6-maja-2024\/\"]}]},{\"@type\":\"ImageObject\",\"inLanguage\":\"sl-SI\",\"@id\":\"https:\/\/severnisij.si\/index.php\/2024\/05\/07\/severni-sij-6-maja-2024\/#primaryimage\",\"url\":\"https:\/\/severnisij.si\/wp-content\/uploads\/2024\/05\/SimonK_PL_05052024-e1715065573950.jpg\",\"contentUrl\":\"https:\/\/severnisij.si\/wp-content\/uploads\/2024\/05\/SimonK_PL_05052024-e1715065573950.jpg\",\"width\":800,\"height\":533,\"caption\":\"Severni sij 6. maja 2024, posnet iz Bohorja. Foto: Simon Krulec.\"},{\"@type\":\"BreadcrumbList\",\"@id\":\"https:\/\/severnisij.si\/index.php\/2024\/05\/07\/severni-sij-6-maja-2024\/#breadcrumb\",\"itemListElement\":[{\"@type\":\"ListItem\",\"position\":1,\"name\":\"Home\",\"item\":\"https:\/\/severnisij.si\/\"},{\"@type\":\"ListItem\",\"position\":2,\"name\":\"Severni sij 6. maja 2024\"}]},{\"@type\":\"WebSite\",\"@id\":\"https:\/\/severnisij.si\/#website\",\"url\":\"https:\/\/severnisij.si\/\",\"name\":\"Severnisij.si\",\"description\":\"\",\"publisher\":{\"@id\":\"https:\/\/severnisij.si\/#\/schema\/person\/a64d2ca6d98df9c1fc89f6160223287c\"},\"potentialAction\":[{\"@type\":\"SearchAction\",\"target\":{\"@type\":\"EntryPoint\",\"urlTemplate\":\"https:\/\/severnisij.si\/?s={search_term_string}\"},\"query-input\":{\"@type\":\"PropertyValueSpecification\",\"valueRequired\":true,\"valueName\":\"search_term_string\"}}],\"inLanguage\":\"sl-SI\"},{\"@type\":[\"Person\",\"Organization\"],\"@id\":\"https:\/\/severnisij.si\/#\/schema\/person\/a64d2ca6d98df9c1fc89f6160223287c\",\"name\":\"admin\",\"image\":{\"@type\":\"ImageObject\",\"inLanguage\":\"sl-SI\",\"@id\":\"https:\/\/secure.gravatar.com\/avatar\/71581cd16a28ee52969f5d847d6bf8e2498b506d2b1db37f76903c119593461e?s=96&d=mm&r=g\",\"url\":\"https:\/\/secure.gravatar.com\/avatar\/71581cd16a28ee52969f5d847d6bf8e2498b506d2b1db37f76903c119593461e?s=96&d=mm&r=g\",\"contentUrl\":\"https:\/\/secure.gravatar.com\/avatar\/71581cd16a28ee52969f5d847d6bf8e2498b506d2b1db37f76903c119593461e?s=96&d=mm&r=g\",\"caption\":\"admin\"},\"logo\":{\"@id\":\"https:\/\/secure.gravatar.com\/avatar\/71581cd16a28ee52969f5d847d6bf8e2498b506d2b1db37f76903c119593461e?s=96&d=mm&r=g\"},\"sameAs\":[\"https:\/\/severnisij.si\"],\"url\":\"https:\/\/severnisij.si\/index.php\/author\/admin_severnisij_007\/\"}]}<\/script>\n<!-- \/ Yoast SEO plugin. -->","yoast_head_json":{"title":"Severni sij 6. maja 2024 - Severnisij.si","description":"Severni sij 6. maja 2024 je \u0161e en v seriji be\u017enih, \u0161ibkih, a jasnih severnih sijev vidnih v Sloveniji med geomagnetnimi viharji stopnje G1.","robots":{"index":"index","follow":"follow","max-snippet":"max-snippet:-1","max-image-preview":"max-image-preview:large","max-video-preview":"max-video-preview:-1"},"canonical":"https:\/\/severnisij.si\/index.php\/2024\/05\/07\/severni-sij-6-maja-2024\/","og_locale":"sl_SI","og_type":"article","og_title":"Severni sij 6. maja 2024 - Severnisij.si","og_description":"Severni sij 6. maja 2024 je \u0161e en v seriji be\u017enih, \u0161ibkih, a jasnih severnih sijev vidnih v Sloveniji med geomagnetnimi viharji stopnje G1.","og_url":"https:\/\/severnisij.si\/index.php\/2024\/05\/07\/severni-sij-6-maja-2024\/","og_site_name":"Severnisij.si","article_published_time":"2024-05-07T06:55:58+00:00","article_modified_time":"2025-05-05T11:33:57+00:00","og_image":[{"width":800,"height":533,"url":"https:\/\/severnisij.si\/wp-content\/uploads\/2024\/05\/SimonK_PL_05052024-e1715065573950.jpg","type":"image\/jpeg"}],"author":"admin","twitter_card":"summary_large_image","twitter_misc":{"Written by":"admin","Est. reading time":"1 minuta"},"schema":{"@context":"https:\/\/schema.org","@graph":[{"@type":"Article","@id":"https:\/\/severnisij.si\/index.php\/2024\/05\/07\/severni-sij-6-maja-2024\/#article","isPartOf":{"@id":"https:\/\/severnisij.si\/index.php\/2024\/05\/07\/severni-sij-6-maja-2024\/"},"author":{"name":"admin","@id":"https:\/\/severnisij.si\/#\/schema\/person\/a64d2ca6d98df9c1fc89f6160223287c"},"headline":"Severni sij 6. maja 2024","datePublished":"2024-05-07T06:55:58+00:00","dateModified":"2025-05-05T11:33:57+00:00","mainEntityOfPage":{"@id":"https:\/\/severnisij.si\/index.php\/2024\/05\/07\/severni-sij-6-maja-2024\/"},"wordCount":129,"commentCount":0,"publisher":{"@id":"https:\/\/severnisij.si\/#\/schema\/person\/a64d2ca6d98df9c1fc89f6160223287c"},"image":{"@id":"https:\/\/severnisij.si\/index.php\/2024\/05\/07\/severni-sij-6-maja-2024\/#primaryimage"},"thumbnailUrl":"https:\/\/severnisij.si\/wp-content\/uploads\/2024\/05\/SimonK_PL_05052024-e1715065573950.jpg","articleSection":["Opazovanja severnega sija iz Slovenije"],"inLanguage":"sl-SI","potentialAction":[{"@type":"CommentAction","name":"Comment","target":["https:\/\/severnisij.si\/index.php\/2024\/05\/07\/severni-sij-6-maja-2024\/#respond"]}]},{"@type":"WebPage","@id":"https:\/\/severnisij.si\/index.php\/2024\/05\/07\/severni-sij-6-maja-2024\/","url":"https:\/\/severnisij.si\/index.php\/2024\/05\/07\/severni-sij-6-maja-2024\/","name":"Severni sij 6. maja 2024 - Severnisij.si","isPartOf":{"@id":"https:\/\/severnisij.si\/#website"},"primaryImageOfPage":{"@id":"https:\/\/severnisij.si\/index.php\/2024\/05\/07\/severni-sij-6-maja-2024\/#primaryimage"},"image":{"@id":"https:\/\/severnisij.si\/index.php\/2024\/05\/07\/severni-sij-6-maja-2024\/#primaryimage"},"thumbnailUrl":"https:\/\/severnisij.si\/wp-content\/uploads\/2024\/05\/SimonK_PL_05052024-e1715065573950.jpg","datePublished":"2024-05-07T06:55:58+00:00","dateModified":"2025-05-05T11:33:57+00:00","description":"Severni sij 6. maja 2024 je \u0161e en v seriji be\u017enih, \u0161ibkih, a jasnih severnih sijev vidnih v Sloveniji med geomagnetnimi viharji stopnje G1.","breadcrumb":{"@id":"https:\/\/severnisij.si\/index.php\/2024\/05\/07\/severni-sij-6-maja-2024\/#breadcrumb"},"inLanguage":"sl-SI","potentialAction":[{"@type":"ReadAction","target":["https:\/\/severnisij.si\/index.php\/2024\/05\/07\/severni-sij-6-maja-2024\/"]}]},{"@type":"ImageObject","inLanguage":"sl-SI","@id":"https:\/\/severnisij.si\/index.php\/2024\/05\/07\/severni-sij-6-maja-2024\/#primaryimage","url":"https:\/\/severnisij.si\/wp-content\/uploads\/2024\/05\/SimonK_PL_05052024-e1715065573950.jpg","contentUrl":"https:\/\/severnisij.si\/wp-content\/uploads\/2024\/05\/SimonK_PL_05052024-e1715065573950.jpg","width":800,"height":533,"caption":"Severni sij 6. maja 2024, posnet iz Bohorja. Foto: Simon Krulec."},{"@type":"BreadcrumbList","@id":"https:\/\/severnisij.si\/index.php\/2024\/05\/07\/severni-sij-6-maja-2024\/#breadcrumb","itemListElement":[{"@type":"ListItem","position":1,"name":"Home","item":"https:\/\/severnisij.si\/"},{"@type":"ListItem","position":2,"name":"Severni sij 6. maja 2024"}]},{"@type":"WebSite","@id":"https:\/\/severnisij.si\/#website","url":"https:\/\/severnisij.si\/","name":"Severnisij.si","description":"","publisher":{"@id":"https:\/\/severnisij.si\/#\/schema\/person\/a64d2ca6d98df9c1fc89f6160223287c"},"potentialAction":[{"@type":"SearchAction","target":{"@type":"EntryPoint","urlTemplate":"https:\/\/severnisij.si\/?s={search_term_string}"},"query-input":{"@type":"PropertyValueSpecification","valueRequired":true,"valueName":"search_term_string"}}],"inLanguage":"sl-SI"},{"@type":["Person","Organization"],"@id":"https:\/\/severnisij.si\/#\/schema\/person\/a64d2ca6d98df9c1fc89f6160223287c","name":"admin","image":{"@type":"ImageObject","inLanguage":"sl-SI","@id":"https:\/\/secure.gravatar.com\/avatar\/71581cd16a28ee52969f5d847d6bf8e2498b506d2b1db37f76903c119593461e?s=96&d=mm&r=g","url":"https:\/\/secure.gravatar.com\/avatar\/71581cd16a28ee52969f5d847d6bf8e2498b506d2b1db37f76903c119593461e?s=96&d=mm&r=g","contentUrl":"https:\/\/secure.gravatar.com\/avatar\/71581cd16a28ee52969f5d847d6bf8e2498b506d2b1db37f76903c119593461e?s=96&d=mm&r=g","caption":"admin"},"logo":{"@id":"https:\/\/secure.gravatar.com\/avatar\/71581cd16a28ee52969f5d847d6bf8e2498b506d2b1db37f76903c119593461e?s=96&d=mm&r=g"},"sameAs":["https:\/\/severnisij.si"],"url":"https:\/\/severnisij.si\/index.php\/author\/admin_severnisij_007\/"}]}},"_links":{"self":[{"href":"https:\/\/severnisij.si\/index.php\/wp-json\/wp\/v2\/posts\/1055","targetHints":{"allow":["GET"]}}],"collection":[{"href":"https:\/\/severnisij.si\/index.php\/wp-json\/wp\/v2\/posts"}],"about":[{"href":"https:\/\/severnisij.si\/index.php\/wp-json\/wp\/v2\/types\/post"}],"author":[{"embeddable":true,"href":"https:\/\/severnisij.si\/index.php\/wp-json\/wp\/v2\/users\/1"}],"replies":[{"embeddable":true,"href":"https:\/\/severnisij.si\/index.php\/wp-json\/wp\/v2\/comments?post=1055"}],"version-history":[{"count":8,"href":"https:\/\/severnisij.si\/index.php\/wp-json\/wp\/v2\/posts\/1055\/revisions"}],"predecessor-version":[{"id":2409,"href":"https:\/\/severnisij.si\/index.php\/wp-json\/wp\/v2\/posts\/1055\/revisions\/2409"}],"wp:featuredmedia":[{"embeddable":true,"href":"https:\/\/severnisij.si\/index.php\/wp-json\/wp\/v2\/media\/1060"}],"wp:attachment":[{"href":"https:\/\/severnisij.si\/index.php\/wp-json\/wp\/v2\/media?parent=1055"}],"wp:term":[{"taxonomy":"category","embeddable":true,"href":"https:\/\/severnisij.si\/index.php\/wp-json\/wp\/v2\/categories?post=1055"},{"taxonomy":"post_tag","embeddable":true,"href":"https:\/\/severnisij.si\/index.php\/wp-json\/wp\/v2\/tags?post=1055"}],"curies":[{"name":"wp","href":"https:\/\/api.w.org\/{rel}","templated":true}]}}